{"id":6923,"date":"2018-09-18T10:24:09","date_gmt":"2018-09-18T10:24:09","guid":{"rendered":"http:\/\/www.radioempire.it\/?p=6923"},"modified":"2018-09-18T10:24:09","modified_gmt":"2018-09-18T10:24:09","slug":"il-parco-di-naxos-taormina-insieme-a-naxoslegge-per-custodire-la-bellezza","status":"publish","type":"post","link":"https:\/\/www.radioempire.it\/index.php\/2018\/09\/18\/il-parco-di-naxos-taormina-insieme-a-naxoslegge-per-custodire-la-bellezza\/","title":{"rendered":"IL PARCO DI NAXOS-TAORMINA INSIEME A NAXOSLEGGE PER \u201cCUSTODIRE LA BELLEZZA\u201d"},"content":{"rendered":"<p>&nbsp;<\/p>\n<p><strong>Comunicato stampa &#8211;<\/strong><\/p>\n<p><strong><u>Gli appuntamenti sono organizzati da Naxoslegge e dal Parco archeologico di Naxos-Taormina\u00a0 <\/u><\/strong><\/p>\n<p><strong>Altri due appuntamenti nell\u2019area archeologica di Naxos: gioved\u00ec 20 alle 18 verr\u00e0 presentato il catalogo \u201cIl Sacro degli altri\u201d e luned\u00ec 24 alle 17 l\u2019incontro sul tema \u201cCustodire la bellezza, conservare le parole\u201d<\/strong><\/p>\n<p>Continuano gli appuntamenti organizzati da Naxoslegge e dal Parco Archeologico di Naxos-Taormina nell\u2019ambito dell\u2019VIII edizione del Festival delle narrazioni quest\u2019anno dedicato al tema \u201cCustoDire la Bellezza\u201d. Gioved\u00ec 20 settembre alle 18.00 verr\u00e0 presentato al Parco archeologico di Naxos il catalogo\u201cIl sacro degli altri. Culti e pratiche rituali dei migranti in Sicilia\u201d di Attilio Russo e Giuseppe Muccio, Edizioni Museo Pasqualino: Interverranno Ignazio Buttitta e Giole Zisa. Coordina Alberto Simon\u00e0. Luned\u00ec 24 settembre, alle 17.00, il Parco archeologico di Naxos ospiter\u00e0 un incontro sulla difesa e tutela delle lingue minoritarie dal titolo \u201cCustodire la bellezza, conservare le parole\u201d. Interviene Pier Francesco Bruni. Coordina Fulvia Toscano.<\/p>\n<p><em>\u00abContinua con altri due appuntamenti nell\u2019area archeologica di Naxos la collaborazionetra il Parco e la rassegna letteraria diretta da Fulvia Toscano \u2013 afferma il direttore Vera Greco \u2013 Insieme alla prima edizione del premio \u201cComunicare l\u2019Antico\u201d, che vogliamo portare avanti con altri interessanti incontri sul mondo antico gi\u00e0 a partire dall\u2019autunno, abbiamo messo in campo varie iniziative tutte con l\u2019obiettivo di \u201cCustoDire la Bellezza\u201d del nostro patrimonio culturale e farlo conoscere ai cittadini\u00bb.<\/em><\/p>\n<p>Giardini Naxos, 18\/09\/2018<\/p>\n","protected":false},"excerpt":{"rendered":"<p>&nbsp; Comunicato stampa &#8211; Gli appuntamenti sono organizzati da Naxoslegge e dal Parco archeologico di Naxos-Taormina\u00a0 Altri due appuntamenti nell\u2019area archeologica di Naxos: gioved\u00ec 20 alle 18 verr\u00e0 presentato il<\/p>\n<div><a class=\"permalink\" href=\"https:\/\/www.radioempire.it\/index.php\/2018\/09\/18\/il-parco-di-naxos-taormina-insieme-a-naxoslegge-per-custodire-la-bellezza\/\">Read More&#8230;<\/a><\/div>\n","protected":false},"author":2,"featured_media":0,"comment_status":"closed","ping_status":"closed","sticky":false,"template":"","format":"standard","meta":[],"categories":[3,36],"tags":[],"_links":{"self":[{"href":"https:\/\/www.radioempire.it\/index.php\/wp-json\/wp\/v2\/posts\/6923"}],"collection":[{"href":"https:\/\/www.radioempire.it\/index.php\/wp-json\/wp\/v2\/posts"}],"about":[{"href":"https:\/\/www.radioempire.it\/index.php\/wp-json\/wp\/v2\/types\/post"}],"author":[{"embeddable":true,"href":"https:\/\/www.radioempire.it\/index.php\/wp-json\/wp\/v2\/users\/2"}],"replies":[{"embeddable":true,"href":"https:\/\/www.radioempire.it\/index.php\/wp-json\/wp\/v2\/comments?post=6923"}],"version-history":[{"count":1,"href":"https:\/\/www.radioempire.it\/index.php\/wp-json\/wp\/v2\/posts\/6923\/revisions"}],"predecessor-version":[{"id":6925,"href":"https:\/\/www.radioempire.it\/index.php\/wp-json\/wp\/v2\/posts\/6923\/revisions\/6925"}],"wp:attachment":[{"href":"https:\/\/www.radioempire.it\/index.php\/wp-json\/wp\/v2\/media?parent=6923"}],"wp:term":[{"taxonomy":"category","embeddable":true,"href":"https:\/\/www.radioempire.it\/index.php\/wp-json\/wp\/v2\/categories?post=6923"},{"taxonomy":"post_tag","embeddable":true,"href":"https:\/\/www.radioempire.it\/index.php\/wp-json\/wp\/v2\/tags?post=6923"}],"curies":[{"name":"wp","href":"https:\/\/api.w.org\/{rel}","templated":true}]}}