{"id":715,"date":"2017-01-05T08:32:41","date_gmt":"2017-01-05T08:32:41","guid":{"rendered":"http:\/\/www.radioempire.it\/?p=715"},"modified":"2017-01-05T08:32:56","modified_gmt":"2017-01-05T08:32:56","slug":"messina-monte-di-pieta-mostra-di-armature-e-costumi-in-occasione-della-v-edizione-della-cavalcata-storica-dei-cavalieri-della-stella","status":"publish","type":"post","link":"https:\/\/www.radioempire.it\/index.php\/2017\/01\/05\/messina-monte-di-pieta-mostra-di-armature-e-costumi-in-occasione-della-v-edizione-della-cavalcata-storica-dei-cavalieri-della-stella\/","title":{"rendered":"Messina.Monte di Piet\u00e0, mostra di armature e costumi in occasione della V edizione della \u201cCavalcata storica dei Cavalieri della Stella\u201d"},"content":{"rendered":"<p>Servizio di Giuseppe Span\u00f2 &#8211;<br \/>\nLa mostra sar\u00e0 visitabile da venerd\u00ec 6 a domenica 8 gennaio 2017<br \/>\nIn occasione della V edizione della \u201cCavalcata storica dei Cavalieri della Stella\u201d, venerd\u00ec 6 gennaio verr\u00e0 inaugurata al Monte di Piet\u00e0 la mostra di repliche di antiche armature, costumi ed accessori del XVI secolo.<br \/>\nL\u2019Associazione storico-culturale \u201cCompagnia Rinascimentale della Stella\u201d di Messina, dal 2011 membro del C.E.R.S. (Consorzio Europeo di Rievocazioni Storiche) ed organizzatrice della prestigiosa manifestazione, propone anche quest\u2019anno la suggestiva sfilata per rinnovare l\u2019antica tradizione che prevedeva, nel giorno dell\u2019Epifania, la festa dell\u2019antico ed illustre Ordine Militare della Stella, prestigioso sodalizio fondato a Messina nel 1595 e sciolto nel 1678, dopo la rivolta antispagnola.<br \/>\n<img loading=\"lazy\" src=\"http:\/\/www.radioempire.it\/wp-content\/uploads\/2017\/01\/Sfilata-corteo-300x156.jpg\" alt=\"sfilata-corteo\" width=\"300\" height=\"156\" class=\"alignleft size-medium wp-image-717\" \/>La partenza del corteo, composto da circa 50 figuranti, \u00e8 prevista alle ore 11.30 da Piazza Palazzo Reale mentre l&#8217;arrivo al Monte di Piet\u00e0 \u00e8 programmato alle ore 13.00 a cui seguir\u00e0 l&#8217;inaugurazione della mostra storica-documentaria suddivisa in cinque sezioni: \u201cI Cavalieri della Stella nella Messina del \u2018500\u201d, a cura della Associazione Compagnia Rinascimentale della Stella; \u201cMessina baricentro del Mediterraneo nel XVI-XVII secolo &#8211; Crocevia di Popoli, Mercanti e Galee armate\u201d, a cura della Associazione Aurora; \u201cI Costumi di Luisa\u201d, in memoria della costumista Luisa Giacon; \u201cLa Scuola di Equitazione Classica\u201d, esposizione di selle e finimenti a cura del S.I.E.C. e \u201cLe Carrozze d\u2019Epoca\u201d, esposizione a cura di Carrozze Molonia.<br \/>\nLa cavalcata storica e le manifestazioni correlate, compresa la mostra al Monte di Piet\u00e0, offriranno un\u2019importante occasione per ricordare le tradizioni, la cultura e l\u2019identit\u00e0 storica della Citt\u00e0 di Messina.<br \/>\nLa mostra sar\u00e0 visitabile fino a domenica 8 gennaio 2017.<br \/>\n                                                                                                                                                                                                                                                                        L\u2019Addetto Stampa                                                                                                                                                                                                                                                              giornalista Giuseppe Span\u00f2<\/p>\n","protected":false},"excerpt":{"rendered":"<p>Servizio di Giuseppe Span\u00f2 &#8211; La mostra sar\u00e0 visitabile da venerd\u00ec 6 a domenica 8 gennaio 2017 In occasione della V edizione della \u201cCavalcata storica dei Cavalieri della Stella\u201d, venerd\u00ec<\/p>\n<div><a class=\"permalink\" href=\"https:\/\/www.radioempire.it\/index.php\/2017\/01\/05\/messina-monte-di-pieta-mostra-di-armature-e-costumi-in-occasione-della-v-edizione-della-cavalcata-storica-dei-cavalieri-della-stella\/\">Read More&#8230;<\/a><\/div>\n","protected":false},"author":2,"featured_media":0,"comment_status":"closed","ping_status":"closed","sticky":false,"template":"","format":"standard","meta":[],"categories":[3,36],"tags":[],"_links":{"self":[{"href":"https:\/\/www.radioempire.it\/index.php\/wp-json\/wp\/v2\/posts\/715"}],"collection":[{"href":"https:\/\/www.radioempire.it\/index.php\/wp-json\/wp\/v2\/posts"}],"about":[{"href":"https:\/\/www.radioempire.it\/index.php\/wp-json\/wp\/v2\/types\/post"}],"author":[{"embeddable":true,"href":"https:\/\/www.radioempire.it\/index.php\/wp-json\/wp\/v2\/users\/2"}],"replies":[{"embeddable":true,"href":"https:\/\/www.radioempire.it\/index.php\/wp-json\/wp\/v2\/comments?post=715"}],"version-history":[{"count":2,"href":"https:\/\/www.radioempire.it\/index.php\/wp-json\/wp\/v2\/posts\/715\/revisions"}],"predecessor-version":[{"id":719,"href":"https:\/\/www.radioempire.it\/index.php\/wp-json\/wp\/v2\/posts\/715\/revisions\/719"}],"wp:attachment":[{"href":"https:\/\/www.radioempire.it\/index.php\/wp-json\/wp\/v2\/media?parent=715"}],"wp:term":[{"taxonomy":"category","embeddable":true,"href":"https:\/\/www.radioempire.it\/index.php\/wp-json\/wp\/v2\/categories?post=715"},{"taxonomy":"post_tag","embeddable":true,"href":"https:\/\/www.radioempire.it\/index.php\/wp-json\/wp\/v2\/tags?post=715"}],"curies":[{"name":"wp","href":"https:\/\/api.w.org\/{rel}","templated":true}]}}