{"id":8288,"date":"2018-12-06T15:34:32","date_gmt":"2018-12-06T15:34:32","guid":{"rendered":"http:\/\/www.radioempire.it\/?p=8288"},"modified":"2018-12-06T15:34:32","modified_gmt":"2018-12-06T15:34:32","slug":"amando-volley-serie-b2fi-pre-gara-volley-giarre","status":"publish","type":"post","link":"https:\/\/www.radioempire.it\/index.php\/2018\/12\/06\/amando-volley-serie-b2fi-pre-gara-volley-giarre\/","title":{"rendered":"AMANDO VOLLEY SERIE B2\/FI: pre gara Volley Giarre"},"content":{"rendered":"<p>Comunicato stampa-<\/p>\n<p>Scontro al vertice Sabato 8 Dicembre al Palabucalo. Per la 9^ giornata del campionato di serie B2 Gir. I si affronteranno alle ore 18 la Farmacia Schultze\u00a0 &#8211; Villa Zuccaro e la Volley Giarre. Le padroni di casa viaggiano a punteggio pieno con 21 punti in 7 partite disputate. Le ospiti occupano il secondo posto con 19 punti sulle 8 partite giocate (non hanno osservato il turno di riposo), frutto di 6 vittorie e 2 sconfitte rimediate fuori casa a Pedara e a Catania contro la Kondor.<\/p>\n<p>Le ragazze guidate da santa teresino\u00a0 doc Claudio Mantarro sono state incontrate nel precampionato dall\u2019Amando, e verranno con il coltello fra i denti a sfidare la squadra cara al presidente Lama, in virt\u00f9 di una crescita costante registrata rispetto all\u2019inizio stagione.<\/p>\n<p>Per contro Camiolo sta preparando al meglio la sfida, lavorando su fondamentali e schemi, perch\u00e9 la differenza, fra squadre che si conoscono bene, la faranno certamente i particolari e la fame di vittoria delle atlete.<\/p>\n<p>In sala stampa si presenta Sara Casale, ex di turno, che conosce bene l\u2019ambiente di Giarre e mister Mantarro, con il quale ha condiviso anche una promozione proprio a Santa Teresa: \u201cSabato andremo ad affrontare una partita molto importante per la nostra classifica, perch\u00e9 essendo uno scontro diretto abbiamo la possibilit\u00e0 di distanziare il Giarre di 8 punti (vista la partita in pi\u00f9 n.d.r.).\u00a0 Siamo tutti consapevoli di questo \u2013 continua l\u2019atleta furcese- e ci stiamo preparando al meglio per affrontare la gara con la giusta determinazione. Il fattore campo e i nostri cari Eagles ci aiuteranno come sempre, e cercheremo di non deludere le loro aspettative. Vi aspettiamo Sabato!!!\u201d<\/p>\n","protected":false},"excerpt":{"rendered":"<p>Comunicato stampa- Scontro al vertice Sabato 8 Dicembre al Palabucalo. Per la 9^ giornata del campionato di serie B2 Gir. I si affronteranno alle ore 18 la Farmacia Schultze\u00a0 &#8211;<\/p>\n<div><a class=\"permalink\" href=\"https:\/\/www.radioempire.it\/index.php\/2018\/12\/06\/amando-volley-serie-b2fi-pre-gara-volley-giarre\/\">Read More&#8230;<\/a><\/div>\n","protected":false},"author":2,"featured_media":8290,"comment_status":"closed","ping_status":"closed","sticky":false,"template":"","format":"standard","meta":[],"categories":[3,36],"tags":[],"_links":{"self":[{"href":"https:\/\/www.radioempire.it\/index.php\/wp-json\/wp\/v2\/posts\/8288"}],"collection":[{"href":"https:\/\/www.radioempire.it\/index.php\/wp-json\/wp\/v2\/posts"}],"about":[{"href":"https:\/\/www.radioempire.it\/index.php\/wp-json\/wp\/v2\/types\/post"}],"author":[{"embeddable":true,"href":"https:\/\/www.radioempire.it\/index.php\/wp-json\/wp\/v2\/users\/2"}],"replies":[{"embeddable":true,"href":"https:\/\/www.radioempire.it\/index.php\/wp-json\/wp\/v2\/comments?post=8288"}],"version-history":[{"count":1,"href":"https:\/\/www.radioempire.it\/index.php\/wp-json\/wp\/v2\/posts\/8288\/revisions"}],"predecessor-version":[{"id":8291,"href":"https:\/\/www.radioempire.it\/index.php\/wp-json\/wp\/v2\/posts\/8288\/revisions\/8291"}],"wp:featuredmedia":[{"embeddable":true,"href":"https:\/\/www.radioempire.it\/index.php\/wp-json\/wp\/v2\/media\/8290"}],"wp:attachment":[{"href":"https:\/\/www.radioempire.it\/index.php\/wp-json\/wp\/v2\/media?parent=8288"}],"wp:term":[{"taxonomy":"category","embeddable":true,"href":"https:\/\/www.radioempire.it\/index.php\/wp-json\/wp\/v2\/categories?post=8288"},{"taxonomy":"post_tag","embeddable":true,"href":"https:\/\/www.radioempire.it\/index.php\/wp-json\/wp\/v2\/tags?post=8288"}],"curies":[{"name":"wp","href":"https:\/\/api.w.org\/{rel}","templated":true}]}}