{"id":829,"date":"2017-01-15T23:06:13","date_gmt":"2017-01-15T23:06:13","guid":{"rendered":"http:\/\/www.radioempire.it\/?p=829"},"modified":"2017-01-16T08:28:31","modified_gmt":"2017-01-16T08:28:31","slug":"intervista-a-simone-cavalli-un-ragazzo-con-il-talento-musicale-e-sogni-da-realizzare","status":"publish","type":"post","link":"https:\/\/www.radioempire.it\/index.php\/2017\/01\/15\/intervista-a-simone-cavalli-un-ragazzo-con-il-talento-musicale-e-sogni-da-realizzare\/","title":{"rendered":"Intervista a Simone Cavalli: un ragazzo con il talento musicale e sogni da realizzare."},"content":{"rendered":"<p>Se la vita fosse musica?<br \/>\ndi Tiziana Mazzaglia @TMazzaglia &#8211;            <\/p>\n<p>Simone Cavalli \u00e8 un ragazzo di diciotto anni, che vive a Milano e studia a Pavia. Come molti giovani, le sue passioni sono numerose: la fidanzata, la lettura, i cani, la sua famiglia, la cucina e poi, un ruolo particolare, \u00e8 riservato alla musica. In quest&#8217;intervista sar\u00e0 lui stesso a spiegarci il perch\u00e9. Nei testi delle sue canzoni si nota un animo sensibile che scruta la vita, in tutte le sue sfumature e sfaccettature, e ne trae dei ritratti emblematici di quanto nella vita \u00e8 ingiusto. Amicizia, famiglia, destino, Scuola, Istruzione, Stato, etichette sociali, maschere, intrighi e beffe. Lui, cita tutto come un osservatore che passa e canta. I suoi testi, ai modi di Stendhal, sono come specchi che percorrono le strade: a volte risplendono l&#8217;azzurro del cielo, a volte il fango delle pozzanghere. Forse, Simone, come tutti i giovani della sua et\u00e0, attraverso le sue canzoni vuole aiutarci a comprendere che dentro il nero del fango esiste una scia di luce che \u00e8 la vita stessa e si pu\u00f2 saltare fuori dal proprio stagno, se lo si riconosce. Come nelle foto qui allegate i suoi testi oscillano tra colore e ombra, se ne consiglia l&#8217;ascolto per assaporare un ritmo cromatico di emozioni.<br \/>\n<img loading=\"lazy\" src=\"http:\/\/www.radioempire.it\/wp-content\/uploads\/2017\/01\/IMG_28542-169x300.jpg\" alt=\"img_28542\" width=\"169\" height=\"300\" class=\"alignleft size-medium wp-image-837\" \/><img loading=\"lazy\" src=\"http:\/\/www.radioempire.it\/wp-content\/uploads\/2017\/01\/IMG_28564-169x300.jpg\" alt=\"img_28564\" width=\"169\" height=\"300\" class=\"alignleft size-medium wp-image-839\" \/><br \/>\nContinua a leggere l&#8217;intervista al seguente link: http:\/\/www.lecanoedelweb.it\/se-la-vita-fosse-musica\/<\/p>\n<p>   Dr.ssa Prof.ssa Tiziana Mazzaglia<br \/>\n           Giornalista pubblicista<\/p>\n","protected":false},"excerpt":{"rendered":"<p>Se la vita fosse musica? di Tiziana Mazzaglia @TMazzaglia &#8211; Simone Cavalli \u00e8 un ragazzo di diciotto anni, che vive a Milano e studia a Pavia. Come molti giovani, le<\/p>\n<div><a class=\"permalink\" href=\"https:\/\/www.radioempire.it\/index.php\/2017\/01\/15\/intervista-a-simone-cavalli-un-ragazzo-con-il-talento-musicale-e-sogni-da-realizzare\/\">Read More&#8230;<\/a><\/div>\n","protected":false},"author":2,"featured_media":0,"comment_status":"closed","ping_status":"closed","sticky":false,"template":"","format":"standard","meta":[],"categories":[3,36],"tags":[],"_links":{"self":[{"href":"https:\/\/www.radioempire.it\/index.php\/wp-json\/wp\/v2\/posts\/829"}],"collection":[{"href":"https:\/\/www.radioempire.it\/index.php\/wp-json\/wp\/v2\/posts"}],"about":[{"href":"https:\/\/www.radioempire.it\/index.php\/wp-json\/wp\/v2\/types\/post"}],"author":[{"embeddable":true,"href":"https:\/\/www.radioempire.it\/index.php\/wp-json\/wp\/v2\/users\/2"}],"replies":[{"embeddable":true,"href":"https:\/\/www.radioempire.it\/index.php\/wp-json\/wp\/v2\/comments?post=829"}],"version-history":[{"count":4,"href":"https:\/\/www.radioempire.it\/index.php\/wp-json\/wp\/v2\/posts\/829\/revisions"}],"predecessor-version":[{"id":840,"href":"https:\/\/www.radioempire.it\/index.php\/wp-json\/wp\/v2\/posts\/829\/revisions\/840"}],"wp:attachment":[{"href":"https:\/\/www.radioempire.it\/index.php\/wp-json\/wp\/v2\/media?parent=829"}],"wp:term":[{"taxonomy":"category","embeddable":true,"href":"https:\/\/www.radioempire.it\/index.php\/wp-json\/wp\/v2\/categories?post=829"},{"taxonomy":"post_tag","embeddable":true,"href":"https:\/\/www.radioempire.it\/index.php\/wp-json\/wp\/v2\/tags?post=829"}],"curies":[{"name":"wp","href":"https:\/\/api.w.org\/{rel}","templated":true}]}}